{"id":3385,"date":"2025-09-12T10:08:29","date_gmt":"2025-09-12T10:08:29","guid":{"rendered":"http:\/\/fotografie.lintenbrink.nl\/?p=3385"},"modified":"2025-10-08T15:03:30","modified_gmt":"2025-10-08T15:03:30","slug":"2025-noord-scandinavie","status":"publish","type":"post","link":"http:\/\/fotografie.lintenbrink.nl\/?p=3385","title":{"rendered":"2025 &#8211; Noord Scandinavi\u00eb"},"content":{"rendered":"<p>Op moment van schrijven van dit bericht, vrijdag 12-9-2025, is het koud in G\u00e4llivare, waar we op de camping met dezelfde naam staan. We zijn nu precies 3 weken onderweg en halverwege en het is tot nu toe heerlijk weer geweest, TOT vanmorgen toen we het voor het eerst fris \/ koud vonden.<\/p>\n<p>Op deze camping in G\u00e4llivare is er de mogelijkheid een tijdsblok voor de wasmachine en droger te reserveren en die is dus tot een uur of twee van ons en proberen we daarbinnen de noodzakelijkste dingen te wassen. Daarna gaan we het stadje nog even in denk om te zien of het er hier vrolijker uitziet dan in Kiruna. Als je de beelden op tv zag met het &#8216;verslepen&#8217; van die kerk zag het er vriendelijk uit, maar toen we aan kwamen rijden, \u00e9\u00e9n en al grijs en dat werd niet minder naarmate je de &#8216;stad&#8217; inreed.&nbsp;<\/p>\n<p>Het weer bleef goed en dat gold ook voor de plaatsen en gebieden die we bezochten. Uitschieters V\u00e5gan, And\u00f8y, St\u00e5lvikbotn, Balsfjord (top), Sommar\u00f8y, M\u00e5lselv, Jukkasjarvi, Jokkmokk, Pitea, L\u00f6v\u00e5nger, Storsand, Ume\u00e5, Skeppsmalen (top), Vibygger\u00e5 District, Nora District (H\u00f6ga Kusten), Nordingra, Barstaviken, Hudiksvalls kommun, Str\u00f6mbacka, Ore distrikt, Mora, Opp\u00e5kermoen en voor je weet sta je bij de boot naar Kiel.<br \/>\nMooie reis. Voor diegene die info willen, je weet ons te vinden.<\/p>\n<p>In de &#8216;slider&#8217; een aantal foto&#8217;s.<\/p>\n<p style=\"text-align: center;\"><div class=\"flexslider ewic-slider-lite is_on_\" id=\"ewic-con-339469f15f267495d\"><style>#ewic-con-339469f15f267495d .flex-direction-nav .flex-next, #ewic-con-339469f15f267495d .flex-direction-nav .flex-prev {opacity: 1;} #ewic-con-339469f15f267495d .flex-direction-nav .flex-next {right: 10px !important; text-align: right !important;} #ewic-con-339469f15f267495d .flex-direction-nav .flex-prev {left: 10px !important;}<\/style><div id=\"preloader-339469f15f267495d\" class=\"sliderpreloader\"><\/div><ul style=\"display:none;\" class=\"slides flexslider-339469f15f267495d\"><li class=\"ewic-slider\"><a href=\"http:\/\/fotografie.lintenbrink.nl\/wp-content\/uploads\/2025\/09\/IMG_0657-scaled.jpeg\" title=\"Kiel Koffiedrinken In De CITTI Markt\" rel=\"ewicprettyPhoto[339469f15f267495d]\"><img decoding=\"async\" title=\"Kiel Koffiedrinken In De CITTI Markt\" class=\"ewic-wid-imgs\" src=\"http:\/\/fotografie.lintenbrink.nl\/wp-content\/uploads\/2025\/09\/IMG_0657-scaled.jpeg\" \/><p class=\"flex-caption\">Kiel Koffiedrinken In De CITTI Markt<\/p><\/a><\/li><li class=\"ewic-slider\"><a href=\"http:\/\/fotografie.lintenbrink.nl\/wp-content\/uploads\/2025\/09\/IMG_0690-scaled.jpeg\" title=\"Drevsj\u00f8\/Lillebo   Vaste Plek Bij Mieke In Het Weiland\" rel=\"ewicprettyPhoto[339469f15f267495d]\"><img decoding=\"async\" title=\"Drevsj\u00f8\/Lillebo   Vaste Plek Bij Mieke In Het Weiland\" class=\"ewic-wid-imgs\" src=\"http:\/\/fotografie.lintenbrink.nl\/wp-content\/uploads\/2025\/09\/IMG_0690-scaled.jpeg\" \/><p class=\"flex-caption\">Drevsj\u00f8\/Lillebo   Vaste Plek Bij Mieke In Het Weiland<\/p><\/a><\/li><li class=\"ewic-slider\"><a href=\"http:\/\/fotografie.lintenbrink.nl\/wp-content\/uploads\/2025\/09\/8f83bccc-7889-43ed-a754-21b5f07e9aa5.jpeg\" title=\"Fjell Wandeling Op Hognsj\u00f8en\" rel=\"ewicprettyPhoto[339469f15f267495d]\"><img decoding=\"async\" title=\"Fjell Wandeling Op Hognsj\u00f8en\" class=\"ewic-wid-imgs\" src=\"http:\/\/fotografie.lintenbrink.nl\/wp-content\/uploads\/2025\/09\/8f83bccc-7889-43ed-a754-21b5f07e9aa5.jpeg\" \/><p class=\"flex-caption\">Fjell Wandeling Op Hognsj\u00f8en<\/p><\/a><\/li><li class=\"ewic-slider\"><a href=\"http:\/\/fotografie.lintenbrink.nl\/wp-content\/uploads\/2025\/09\/IMG_0758-scaled.jpeg\" title=\"De Brug Op Het Femund Canoe Camp Is Vervangen\" rel=\"ewicprettyPhoto[339469f15f267495d]\"><img decoding=\"async\" title=\"De Brug Op Het Femund Canoe Camp Is Vervangen\" class=\"ewic-wid-imgs\" src=\"http:\/\/fotografie.lintenbrink.nl\/wp-content\/uploads\/2025\/09\/IMG_0758-scaled.jpeg\" \/><p class=\"flex-caption\">De Brug Op Het Femund Canoe Camp Is Vervangen<\/p><\/a><\/li><li class=\"ewic-slider\"><a href=\"http:\/\/fotografie.lintenbrink.nl\/wp-content\/uploads\/2025\/09\/dac3b18e-aa9e-41b0-b2a7-869ac4ff752f.jpeg\" title=\"Njuperskar Waterval\" rel=\"ewicprettyPhoto[339469f15f267495d]\"><img decoding=\"async\" title=\"Njuperskar Waterval\" class=\"ewic-wid-imgs\" src=\"http:\/\/fotografie.lintenbrink.nl\/wp-content\/uploads\/2025\/09\/dac3b18e-aa9e-41b0-b2a7-869ac4ff752f.jpeg\" \/><p class=\"flex-caption\">Njuperskar Waterval<\/p><\/a><\/li><li class=\"ewic-slider\"><a href=\"http:\/\/fotografie.lintenbrink.nl\/wp-content\/uploads\/2025\/09\/IMG_0770-scaled.jpeg\" title=\"Meertje Bij Mieke\" rel=\"ewicprettyPhoto[339469f15f267495d]\"><img decoding=\"async\" title=\"Meertje Bij Mieke\" class=\"ewic-wid-imgs\" src=\"http:\/\/fotografie.lintenbrink.nl\/wp-content\/uploads\/2025\/09\/IMG_0770-scaled.jpeg\" \/><p class=\"flex-caption\">Meertje Bij Mieke<\/p><\/a><\/li><li class=\"ewic-slider\"><a href=\"http:\/\/fotografie.lintenbrink.nl\/wp-content\/uploads\/2025\/09\/IMG_0856-scaled.jpeg\" title=\"Flakstad\u00f8ya\" rel=\"ewicprettyPhoto[339469f15f267495d]\"><img decoding=\"async\" title=\"Flakstad\u00f8ya\" class=\"ewic-wid-imgs\" src=\"http:\/\/fotografie.lintenbrink.nl\/wp-content\/uploads\/2025\/09\/IMG_0856-scaled.jpeg\" \/><p class=\"flex-caption\">Flakstad\u00f8ya<\/p><\/a><\/li><li class=\"ewic-slider\"><a href=\"http:\/\/fotografie.lintenbrink.nl\/wp-content\/uploads\/2025\/09\/IMG_0934-scaled.jpeg\" title=\"Ris\u00f8yhamn\" rel=\"ewicprettyPhoto[339469f15f267495d]\"><img decoding=\"async\" title=\"Ris\u00f8yhamn\" class=\"ewic-wid-imgs\" src=\"http:\/\/fotografie.lintenbrink.nl\/wp-content\/uploads\/2025\/09\/IMG_0934-scaled.jpeg\" \/><p class=\"flex-caption\">Ris\u00f8yhamn<\/p><\/a><\/li><li class=\"ewic-slider\"><a href=\"http:\/\/fotografie.lintenbrink.nl\/wp-content\/uploads\/2025\/09\/IMG_0969-scaled.jpeg\" title=\"Andenes\" rel=\"ewicprettyPhoto[339469f15f267495d]\"><img decoding=\"async\" title=\"Andenes\" class=\"ewic-wid-imgs\" src=\"http:\/\/fotografie.lintenbrink.nl\/wp-content\/uploads\/2025\/09\/IMG_0969-scaled.jpeg\" \/><p class=\"flex-caption\">Andenes<\/p><\/a><\/li><li class=\"ewic-slider\"><a href=\"http:\/\/fotografie.lintenbrink.nl\/wp-content\/uploads\/2025\/09\/IMG_1013-scaled.jpeg\" title=\"Mestervik (bewerkt Naar Z\/W)\" rel=\"ewicprettyPhoto[339469f15f267495d]\"><img decoding=\"async\" title=\"Mestervik (bewerkt Naar Z\/W)\" class=\"ewic-wid-imgs\" src=\"http:\/\/fotografie.lintenbrink.nl\/wp-content\/uploads\/2025\/09\/IMG_1013-scaled.jpeg\" \/><p class=\"flex-caption\">Mestervik (bewerkt Naar Z\/W)<\/p><\/a><\/li><li class=\"ewic-slider\"><a href=\"http:\/\/fotografie.lintenbrink.nl\/wp-content\/uploads\/2025\/09\/IMG_1044-scaled.jpeg\" title=\"Likholmen Op Hilles\u00f8y\" rel=\"ewicprettyPhoto[339469f15f267495d]\"><img decoding=\"async\" title=\"Likholmen Op Hilles\u00f8y\" class=\"ewic-wid-imgs\" src=\"http:\/\/fotografie.lintenbrink.nl\/wp-content\/uploads\/2025\/09\/IMG_1044-scaled.jpeg\" \/><p class=\"flex-caption\">Likholmen Op Hilles\u00f8y<\/p><\/a><\/li><li class=\"ewic-slider\"><a href=\"http:\/\/fotografie.lintenbrink.nl\/wp-content\/uploads\/2025\/09\/IMG_1062-scaled.jpeg\" title=\"Het Noorderlicht Op Sommarr\u00f8y\" rel=\"ewicprettyPhoto[339469f15f267495d]\"><img decoding=\"async\" title=\"Het Noorderlicht Op Sommarr\u00f8y\" class=\"ewic-wid-imgs\" src=\"http:\/\/fotografie.lintenbrink.nl\/wp-content\/uploads\/2025\/09\/IMG_1062-scaled.jpeg\" \/><p class=\"flex-caption\">Het Noorderlicht Op Sommarr\u00f8y<\/p><\/a><\/li><li class=\"ewic-slider\"><a href=\"http:\/\/fotografie.lintenbrink.nl\/wp-content\/uploads\/2025\/09\/fb2422a6-a8e7-4f32-b13c-a5fdcf985123.jpeg\" title=\"Fjalle Wandeling Naar De Top Van De Hilles\u00f8y Berg\" rel=\"ewicprettyPhoto[339469f15f267495d]\"><img decoding=\"async\" title=\"Fjalle Wandeling Naar De Top Van De Hilles\u00f8y Berg\" class=\"ewic-wid-imgs\" src=\"http:\/\/fotografie.lintenbrink.nl\/wp-content\/uploads\/2025\/09\/fb2422a6-a8e7-4f32-b13c-a5fdcf985123.jpeg\" \/><p class=\"flex-caption\">Fjalle Wandeling Naar De Top Van De Hilles\u00f8y Berg<\/p><\/a><\/li><li class=\"ewic-slider\"><a href=\"http:\/\/fotografie.lintenbrink.nl\/wp-content\/uploads\/2025\/09\/IMG_1171-scaled.jpeg\" title=\"Kiruna   Jukkasj\u00e4rvi\" rel=\"ewicprettyPhoto[339469f15f267495d]\"><img decoding=\"async\" title=\"Kiruna   Jukkasj\u00e4rvi\" class=\"ewic-wid-imgs\" src=\"http:\/\/fotografie.lintenbrink.nl\/wp-content\/uploads\/2025\/09\/IMG_1171-scaled.jpeg\" \/><p class=\"flex-caption\">Kiruna   Jukkasj\u00e4rvi<\/p><\/a><\/li><li class=\"ewic-slider\"><a href=\"http:\/\/fotografie.lintenbrink.nl\/wp-content\/uploads\/2025\/09\/IMG_1169-scaled.jpeg\" title=\"Kiruna   Jukkasj\u00e4rvi\" rel=\"ewicprettyPhoto[339469f15f267495d]\"><img decoding=\"async\" title=\"Kiruna   Jukkasj\u00e4rvi\" class=\"ewic-wid-imgs\" src=\"http:\/\/fotografie.lintenbrink.nl\/wp-content\/uploads\/2025\/09\/IMG_1169-scaled.jpeg\" \/><p class=\"flex-caption\">Kiruna   Jukkasj\u00e4rvi<\/p><\/a><\/li><li class=\"ewic-slider\"><a href=\"http:\/\/fotografie.lintenbrink.nl\/wp-content\/uploads\/2025\/10\/IMG_1272-scaled.jpeg\" title=\"Storforsen\" rel=\"ewicprettyPhoto[339469f15f267495d]\"><img decoding=\"async\" title=\"Storforsen\" class=\"ewic-wid-imgs\" src=\"http:\/\/fotografie.lintenbrink.nl\/wp-content\/uploads\/2025\/10\/IMG_1272-scaled.jpeg\" \/><p class=\"flex-caption\">Storforsen<\/p><\/a><\/li><li class=\"ewic-slider\"><a href=\"http:\/\/fotografie.lintenbrink.nl\/wp-content\/uploads\/2025\/10\/IMG_1288-scaled.jpeg\" title=\"Storforsen\" rel=\"ewicprettyPhoto[339469f15f267495d]\"><img decoding=\"async\" title=\"Storforsen\" class=\"ewic-wid-imgs\" src=\"http:\/\/fotografie.lintenbrink.nl\/wp-content\/uploads\/2025\/10\/IMG_1288-scaled.jpeg\" \/><p class=\"flex-caption\">Storforsen<\/p><\/a><\/li><li class=\"ewic-slider\"><a href=\"http:\/\/fotografie.lintenbrink.nl\/wp-content\/uploads\/2025\/10\/IMG_1350-scaled.jpeg\" title=\"Storsans Camping   Bygde\u00e5\" rel=\"ewicprettyPhoto[339469f15f267495d]\"><img decoding=\"async\" title=\"Storsans Camping   Bygde\u00e5\" class=\"ewic-wid-imgs\" src=\"http:\/\/fotografie.lintenbrink.nl\/wp-content\/uploads\/2025\/10\/IMG_1350-scaled.jpeg\" \/><p class=\"flex-caption\">Storsans Camping   Bygde\u00e5<\/p><\/a><\/li><li class=\"ewic-slider\"><a href=\"http:\/\/fotografie.lintenbrink.nl\/wp-content\/uploads\/2025\/10\/IMG_1400-scaled.jpeg\" title=\"Skeppsmalen\" rel=\"ewicprettyPhoto[339469f15f267495d]\"><img decoding=\"async\" title=\"Skeppsmalen\" class=\"ewic-wid-imgs\" src=\"http:\/\/fotografie.lintenbrink.nl\/wp-content\/uploads\/2025\/10\/IMG_1400-scaled.jpeg\" \/><p class=\"flex-caption\">Skeppsmalen<\/p><\/a><\/li><li class=\"ewic-slider\"><a href=\"http:\/\/fotografie.lintenbrink.nl\/wp-content\/uploads\/2025\/10\/IMG_1366-scaled.jpeg\" title=\"Skeppsmalen\" rel=\"ewicprettyPhoto[339469f15f267495d]\"><img decoding=\"async\" title=\"Skeppsmalen\" class=\"ewic-wid-imgs\" src=\"http:\/\/fotografie.lintenbrink.nl\/wp-content\/uploads\/2025\/10\/IMG_1366-scaled.jpeg\" \/><p class=\"flex-caption\">Skeppsmalen<\/p><\/a><\/li><li class=\"ewic-slider\"><a href=\"http:\/\/fotografie.lintenbrink.nl\/wp-content\/uploads\/2025\/10\/IMG_1392-scaled.jpeg\" title=\"Skeppsmalen\" rel=\"ewicprettyPhoto[339469f15f267495d]\"><img decoding=\"async\" title=\"Skeppsmalen\" class=\"ewic-wid-imgs\" src=\"http:\/\/fotografie.lintenbrink.nl\/wp-content\/uploads\/2025\/10\/IMG_1392-scaled.jpeg\" \/><p class=\"flex-caption\">Skeppsmalen<\/p><\/a><\/li><li class=\"ewic-slider\"><a href=\"http:\/\/fotografie.lintenbrink.nl\/wp-content\/uploads\/2025\/10\/IMG_1552-scaled.jpeg\" title=\"Bjur\u00e5ker   Zweden\" rel=\"ewicprettyPhoto[339469f15f267495d]\"><img decoding=\"async\" title=\"Bjur\u00e5ker   Zweden\" class=\"ewic-wid-imgs\" src=\"http:\/\/fotografie.lintenbrink.nl\/wp-content\/uploads\/2025\/10\/IMG_1552-scaled.jpeg\" \/><p class=\"flex-caption\">Bjur\u00e5ker   Zweden<\/p><\/a><\/li><li class=\"ewic-slider\"><a href=\"http:\/\/fotografie.lintenbrink.nl\/wp-content\/uploads\/2025\/10\/IMG_1516-scaled.jpeg\" title=\"Nordingr\u00e5\" rel=\"ewicprettyPhoto[339469f15f267495d]\"><img decoding=\"async\" title=\"Nordingr\u00e5\" class=\"ewic-wid-imgs\" src=\"http:\/\/fotografie.lintenbrink.nl\/wp-content\/uploads\/2025\/10\/IMG_1516-scaled.jpeg\" \/><p class=\"flex-caption\">Nordingr\u00e5<\/p><\/a><\/li><li class=\"ewic-slider\"><a href=\"http:\/\/fotografie.lintenbrink.nl\/wp-content\/uploads\/2025\/10\/IMG_1442-scaled.jpeg\" title=\"Nationaal Park Skuleskogen\" rel=\"ewicprettyPhoto[339469f15f267495d]\"><img decoding=\"async\" title=\"Nationaal Park Skuleskogen\" class=\"ewic-wid-imgs\" src=\"http:\/\/fotografie.lintenbrink.nl\/wp-content\/uploads\/2025\/10\/IMG_1442-scaled.jpeg\" \/><p class=\"flex-caption\">Nationaal Park Skuleskogen<\/p><\/a><\/li><li class=\"ewic-slider\"><a href=\"http:\/\/fotografie.lintenbrink.nl\/wp-content\/uploads\/2025\/10\/IMG_1429-scaled.jpeg\" title=\"Nationaal Park Skuleskogen\" rel=\"ewicprettyPhoto[339469f15f267495d]\"><img decoding=\"async\" title=\"Nationaal Park Skuleskogen\" class=\"ewic-wid-imgs\" src=\"http:\/\/fotografie.lintenbrink.nl\/wp-content\/uploads\/2025\/10\/IMG_1429-scaled.jpeg\" \/><p class=\"flex-caption\">Nationaal Park Skuleskogen<\/p><\/a><\/li><li class=\"ewic-slider\"><a href=\"http:\/\/fotografie.lintenbrink.nl\/wp-content\/uploads\/2025\/10\/IMG_1589-scaled.jpeg\" title=\"Furudal\" rel=\"ewicprettyPhoto[339469f15f267495d]\"><img decoding=\"async\" title=\"Furudal\" class=\"ewic-wid-imgs\" src=\"http:\/\/fotografie.lintenbrink.nl\/wp-content\/uploads\/2025\/10\/IMG_1589-scaled.jpeg\" \/><p class=\"flex-caption\">Furudal<\/p><\/a><\/li><li class=\"ewic-slider\"><a href=\"http:\/\/fotografie.lintenbrink.nl\/wp-content\/uploads\/2025\/10\/IMG_1658-scaled.jpeg\" title=\"Oslo   Kiel\" rel=\"ewicprettyPhoto[339469f15f267495d]\"><img decoding=\"async\" title=\"Oslo   Kiel\" class=\"ewic-wid-imgs\" src=\"http:\/\/fotografie.lintenbrink.nl\/wp-content\/uploads\/2025\/10\/IMG_1658-scaled.jpeg\" \/><p class=\"flex-caption\">Oslo   Kiel<\/p><\/a><\/li><li class=\"ewic-slider\"><a href=\"http:\/\/fotografie.lintenbrink.nl\/wp-content\/uploads\/2025\/10\/IMG_1635-scaled.jpeg\" title=\"Als Tweede Op De Boot\" rel=\"ewicprettyPhoto[339469f15f267495d]\"><img decoding=\"async\" title=\"Als Tweede Op De Boot\" class=\"ewic-wid-imgs\" src=\"http:\/\/fotografie.lintenbrink.nl\/wp-content\/uploads\/2025\/10\/IMG_1635-scaled.jpeg\" \/><p class=\"flex-caption\">Als Tweede Op De Boot<\/p><\/a><\/li><\/ul><script type=\"text\/javascript\">\r\n\tjQuery(document).ready(function($) {\r\n\r\n\t\t$(\"#preloader-339469f15f267495d\").fadeOut(500, function () {\r\n\r\n\t\t\t$(\"#ewic-con-339469f15f267495d\").addClass(\"ready_to_show\");\r\n\r\n\t\t\t$(\"a[rel^='ewicprettyPhoto[339469f15f267495d]']\").ewcPhoto({\r\n\t\t\t\ttheme: \"ewc_default\",\r\n\t\t\t\tallow_expand: false,\r\n\t\t\t\tdeeplinking: false,\r\n\t\t\t\tslideshow:5000,\r\n\t\t\t\tautoplay_slideshow:true,\r\n\t\t\t\tsocial_tools:false\r\n\t\t\t});\r\n\r\n\t\t\t$(\".flexslider-339469f15f267495d\").fadeIn(300);\r\n\r\n\t\t\t$(\"#ewic-con-339469f15f267495d\").flexslider({\r\n\t\t\t\tanimation: \"slide\",\r\n\t\t\t\tanimationSpeed: 0,\r\n\t\t\t\tuseCSS: false,\r\n\t\t\t\teasing: \"easeInQuad\",\r\n\t\t\t\tdirection: \"horizontal\",\r\n\t\t\t\tslideshow: true,\r\n\t\t\t\tsmoothHeight: true,\r\n\t\t\t\tpauseOnHover: true,\r\n\t\t\t\tcontrolNav: false,\r\n\t\t\t\tprevText: \"\",\r\n\t\t\t\tnextText: \"\",\r\n\t\t\t\trtl: false,\r\n\t\t\t\tslideshowSpeed: 5000,\r\n\t\t\t\tstart: function(slider){\r\n\t\t\t\t\t$(\"#ewic-con-339469f15f267495d\").find(\".flex-caption\").hide();\r\n\t\t\t\t\tvar curSlide = slider.find(\"li.flex-active-slide\");\r\n\t\t\t\t\t$(curSlide).find(\".flex-caption\").slideDown();\r\n\t\t\t\t},\r\n\t\t\t\tbefore: function(slider) {\r\n\t\t\t\t\t$(\"#ewic-con-339469f15f267495d\").find(\".flex-caption\").slideUp();\r\n\t\t\t\t},\r\n\t\t\t\tafter: function(slider) {\r\n\t\t\t\t\tvar curSlide = slider.find(\"li.flex-active-slide\");\r\n\t\t\t\t\t$(curSlide).find(\".flex-caption\").slideDown();\r\n\t\t\t\t}\r\n\r\n\t\t\t});\r\n\r\n\t\t});\r\n\r\n\t});\r\n<\/script><\/div>\r\n<\/p>\n","protected":false},"excerpt":{"rendered":"<p>Op moment van schrijven van dit bericht, vrijdag 12-9-2025, is het koud in G\u00e4llivare, waar we op de camping met dezelfde naam staan. We zijn nu precies 3 weken onderweg en halverwege en het is tot nu toe heerlijk weer geweest, TOT vanmorgen toen we het voor het eerst fris \/ koud vonden. Op deze camping in G\u00e4llivare is er&hellip;<\/p>\n","protected":false},"author":1,"featured_media":3401,"comment_status":"open","ping_status":"open","sticky":false,"template":"","format":"standard","meta":{"ngg_post_thumbnail":0,"_jetpack_memberships_contains_paid_content":false,"footnotes":""},"categories":[191,4,97],"tags":[],"class_list":["post-3385","post","type-post","status-publish","format-standard","has-post-thumbnail","hentry","category-camperen","category-noorwegen","category-zweden"],"jetpack_featured_media_url":"http:\/\/fotografie.lintenbrink.nl\/wp-content\/uploads\/2025\/09\/IMG_0856-scaled.jpeg","jetpack_likes_enabled":true,"jetpack_sharing_enabled":true,"_links":{"self":[{"href":"http:\/\/fotografie.lintenbrink.nl\/index.php?rest_route=\/wp\/v2\/posts\/3385","targetHints":{"allow":["GET"]}}],"collection":[{"href":"http:\/\/fotografie.lintenbrink.nl\/index.php?rest_route=\/wp\/v2\/posts"}],"about":[{"href":"http:\/\/fotografie.lintenbrink.nl\/index.php?rest_route=\/wp\/v2\/types\/post"}],"author":[{"embeddable":true,"href":"http:\/\/fotografie.lintenbrink.nl\/index.php?rest_route=\/wp\/v2\/users\/1"}],"replies":[{"embeddable":true,"href":"http:\/\/fotografie.lintenbrink.nl\/index.php?rest_route=%2Fwp%2Fv2%2Fcomments&post=3385"}],"version-history":[{"count":7,"href":"http:\/\/fotografie.lintenbrink.nl\/index.php?rest_route=\/wp\/v2\/posts\/3385\/revisions"}],"predecessor-version":[{"id":3428,"href":"http:\/\/fotografie.lintenbrink.nl\/index.php?rest_route=\/wp\/v2\/posts\/3385\/revisions\/3428"}],"wp:featuredmedia":[{"embeddable":true,"href":"http:\/\/fotografie.lintenbrink.nl\/index.php?rest_route=\/wp\/v2\/media\/3401"}],"wp:attachment":[{"href":"http:\/\/fotografie.lintenbrink.nl\/index.php?rest_route=%2Fwp%2Fv2%2Fmedia&parent=3385"}],"wp:term":[{"taxonomy":"category","embeddable":true,"href":"http:\/\/fotografie.lintenbrink.nl\/index.php?rest_route=%2Fwp%2Fv2%2Fcategories&post=3385"},{"taxonomy":"post_tag","embeddable":true,"href":"http:\/\/fotografie.lintenbrink.nl\/index.php?rest_route=%2Fwp%2Fv2%2Ftags&post=3385"}],"curies":[{"name":"wp","href":"https:\/\/api.w.org\/{rel}","templated":true}]}}